{"id":2072,"date":"2025-03-28T16:26:00","date_gmt":"2025-03-28T15:26:00","guid":{"rendered":"https:\/\/www.capoforte.it\/wo-der-wein-auf-die-seele-trifft-erwarten-wir-sie-auf-der-vinitaly-2025\/"},"modified":"2025-03-28T16:26:00","modified_gmt":"2025-03-28T15:26:00","slug":"wo-der-wein-auf-die-seele-trifft-erwarten-wir-sie-auf-der-vinitaly-2025","status":"publish","type":"post","link":"https:\/\/www.capoforte.it\/de\/wo-der-wein-auf-die-seele-trifft-erwarten-wir-sie-auf-der-vinitaly-2025\/","title":{"rendered":"Wo der Wein auf die Seele trifft, erwarten wir Sie auf der Vinitaly 2025"},"content":{"rendered":"<h2>Wir sind der Herzschlag eines gro\u00dfz\u00fcgigen Landes, wir sind eine Meerespeitsche zwischen den Reihen, wir sind die Bewegung grober Arbeitsh\u00e4nde, wir sind <strong>die Weine, die unter der Sonne des Salento, in der Masseria Capoforte, entstehen.<br \/>\n<\/strong>Dieses Jahr begr\u00fc\u00dfen wir Sie vom 6. bis zum 9. April in der <strong>Halle 5, Stand F6 der Messe Vinitaly<\/strong> mit der M\u00fche und dem Stolz einer Frucht, die langsam reift, die Ausdruck und Kraft eines zu erobernde Landes ist, das W\u00e4rme, vollmundige Tropfen und mineralische Noten zur\u00fcckgibt. <strong>Jede Traube ist hier Zeuge einer tausendj\u00e4hrigen Geschichte,<\/strong> in der der Weinanbau seit jeher mutig betrieben wurde.<br \/>\nWerden Sie als Protagonist Teil dieser Geschichte: lauschen Sie auf der bedeutendsten Messe der Branche dem Echo von Leben in der Ferne und von Weinreben in der N\u00e4he, im Raum eines authentischen Kelches. Wir erwarten Sie. <\/h2>\n","protected":false},"excerpt":{"rendered":"<p>Wir sind der Herzschlag eines gro\u00dfz\u00fcgigen Landes, wir sind eine Meerespeitsche zwischen den Reihen, wir sind die Bewegung grober Arbeitsh\u00e4nde, wir sind die Weine, die unter der Sonne des Salento, in der Masseria Capoforte, entstehen. Dieses Jahr begr\u00fc\u00dfen wir Sie vom 6. bis zum 9. April in der Halle 5, Stand F6 der Messe Vinitaly [&hellip;]<\/p>\n","protected":false},"author":1,"featured_media":2061,"comment_status":"open","ping_status":"closed","sticky":false,"template":"","format":"standard","meta":{"_et_pb_use_builder":"","_et_pb_old_content":"","_et_gb_content_width":"","footnotes":""},"categories":[61,60,50],"tags":[62],"class_list":["post-2072","post","type-post","status-publish","format-standard","has-post-thumbnail","hentry","category-verona-de","category-vinitaly-de","category-wein","tag-vinitaly-de"],"yoast_head":"<!-- This site is optimized with the Yoast SEO plugin v27.2 - https:\/\/yoast.com\/product\/yoast-seo-wordpress\/ -->\n<title>Wo der Wein auf die Seele trifft, erwarten wir Sie auf der Vinitaly 2025 - capoforte.it<\/title>\n<meta name=\"robots\" content=\"index, follow, max-snippet:-1, max-image-preview:large, max-video-preview:-1\" \/>\n<link rel=\"canonical\" href=\"https:\/\/www.capoforte.it\/dove-il-vino-incontra-lanima-vi-aspettiamo-al-vinitaly-2025\/\" \/>\n<meta property=\"og:locale\" content=\"de_DE\" \/>\n<meta property=\"og:type\" content=\"article\" \/>\n<meta property=\"og:title\" content=\"Wo der Wein auf die Seele trifft, erwarten wir Sie auf der Vinitaly 2025 - capoforte.it\" \/>\n<meta property=\"og:description\" content=\"Wir sind der Herzschlag eines gro\u00dfz\u00fcgigen Landes, wir sind eine Meerespeitsche zwischen den Reihen, wir sind die Bewegung grober Arbeitsh\u00e4nde, wir sind die Weine, die unter der Sonne des Salento, in der Masseria Capoforte, entstehen. Dieses Jahr begr\u00fc\u00dfen wir Sie vom 6. bis zum 9. April in der Halle 5, Stand F6 der Messe Vinitaly [&hellip;]\" \/>\n<meta property=\"og:url\" content=\"https:\/\/www.capoforte.it\/dove-il-vino-incontra-lanima-vi-aspettiamo-al-vinitaly-2025\/\" \/>\n<meta property=\"og:site_name\" content=\"capoforte.it\" \/>\n<meta property=\"article:publisher\" content=\"https:\/\/www.facebook.com\/Capoforte\" \/>\n<meta property=\"article:published_time\" content=\"2025-03-28T15:26:00+00:00\" \/>\n<meta property=\"og:image\" content=\"https:\/\/www.capoforte.it\/wp-content\/uploads\/2025\/03\/Masseria-Capoforte-Vinitaly-2025-1080x720-1.avif\" \/>\n\t<meta property=\"og:image:width\" content=\"1080\" \/>\n\t<meta property=\"og:image:height\" content=\"720\" \/>\n\t<meta property=\"og:image:type\" content=\"image\/jpeg\" \/>\n<meta name=\"author\" content=\"admin\" \/>\n<meta name=\"twitter:card\" content=\"summary_large_image\" \/>\n<meta name=\"twitter:label1\" content=\"Verfasst von\" \/>\n\t<meta name=\"twitter:data1\" content=\"admin\" \/>\n\t<meta name=\"twitter:label2\" content=\"Gesch\u00e4tzte Lesezeit\" \/>\n\t<meta name=\"twitter:data2\" content=\"1\u00a0Minute\" \/>\n<script type=\"application\/ld+json\" class=\"yoast-schema-graph\">{\"@context\":\"https:\/\/schema.org\",\"@graph\":[{\"@type\":\"Article\",\"@id\":\"https:\/\/www.capoforte.it\/dove-il-vino-incontra-lanima-vi-aspettiamo-al-vinitaly-2025\/#article\",\"isPartOf\":{\"@id\":\"https:\/\/www.capoforte.it\/dove-il-vino-incontra-lanima-vi-aspettiamo-al-vinitaly-2025\/\"},\"author\":{\"name\":\"admin\",\"@id\":\"https:\/\/www.capoforte.it\/#\/schema\/person\/22b88ab6281d6e95faf6ea2ca08565f6\"},\"headline\":\"Wo der Wein auf die Seele trifft, erwarten wir Sie auf der Vinitaly 2025\",\"datePublished\":\"2025-03-28T15:26:00+00:00\",\"mainEntityOfPage\":{\"@id\":\"https:\/\/www.capoforte.it\/dove-il-vino-incontra-lanima-vi-aspettiamo-al-vinitaly-2025\/\"},\"wordCount\":155,\"commentCount\":0,\"publisher\":{\"@id\":\"https:\/\/www.capoforte.it\/#organization\"},\"image\":{\"@id\":\"https:\/\/www.capoforte.it\/dove-il-vino-incontra-lanima-vi-aspettiamo-al-vinitaly-2025\/#primaryimage\"},\"thumbnailUrl\":\"https:\/\/www.capoforte.it\/wp-content\/uploads\/2025\/03\/Masseria-Capoforte-Vinitaly-2025-1080x720-1.avif\",\"keywords\":[\"Vinitaly\"],\"articleSection\":[\"Verona\",\"Vinitaly\",\"Wein\"],\"inLanguage\":\"de\",\"potentialAction\":[{\"@type\":\"CommentAction\",\"name\":\"Comment\",\"target\":[\"https:\/\/www.capoforte.it\/dove-il-vino-incontra-lanima-vi-aspettiamo-al-vinitaly-2025\/#respond\"]}]},{\"@type\":\"WebPage\",\"@id\":\"https:\/\/www.capoforte.it\/dove-il-vino-incontra-lanima-vi-aspettiamo-al-vinitaly-2025\/\",\"url\":\"https:\/\/www.capoforte.it\/dove-il-vino-incontra-lanima-vi-aspettiamo-al-vinitaly-2025\/\",\"name\":\"Wo der Wein auf die Seele trifft, erwarten wir Sie auf der Vinitaly 2025 - capoforte.it\",\"isPartOf\":{\"@id\":\"https:\/\/www.capoforte.it\/#website\"},\"primaryImageOfPage\":{\"@id\":\"https:\/\/www.capoforte.it\/dove-il-vino-incontra-lanima-vi-aspettiamo-al-vinitaly-2025\/#primaryimage\"},\"image\":{\"@id\":\"https:\/\/www.capoforte.it\/dove-il-vino-incontra-lanima-vi-aspettiamo-al-vinitaly-2025\/#primaryimage\"},\"thumbnailUrl\":\"https:\/\/www.capoforte.it\/wp-content\/uploads\/2025\/03\/Masseria-Capoforte-Vinitaly-2025-1080x720-1.avif\",\"datePublished\":\"2025-03-28T15:26:00+00:00\",\"breadcrumb\":{\"@id\":\"https:\/\/www.capoforte.it\/dove-il-vino-incontra-lanima-vi-aspettiamo-al-vinitaly-2025\/#breadcrumb\"},\"inLanguage\":\"de\",\"potentialAction\":[{\"@type\":\"ReadAction\",\"target\":[\"https:\/\/www.capoforte.it\/dove-il-vino-incontra-lanima-vi-aspettiamo-al-vinitaly-2025\/\"]}]},{\"@type\":\"ImageObject\",\"inLanguage\":\"de\",\"@id\":\"https:\/\/www.capoforte.it\/dove-il-vino-incontra-lanima-vi-aspettiamo-al-vinitaly-2025\/#primaryimage\",\"url\":\"https:\/\/www.capoforte.it\/wp-content\/uploads\/2025\/03\/Masseria-Capoforte-Vinitaly-2025-1080x720-1.avif\",\"contentUrl\":\"https:\/\/www.capoforte.it\/wp-content\/uploads\/2025\/03\/Masseria-Capoforte-Vinitaly-2025-1080x720-1.avif\",\"width\":1080,\"height\":720,\"caption\":\"Masseria Capoforte Vinitaly 2025 - 1080x720\"},{\"@type\":\"BreadcrumbList\",\"@id\":\"https:\/\/www.capoforte.it\/dove-il-vino-incontra-lanima-vi-aspettiamo-al-vinitaly-2025\/#breadcrumb\",\"itemListElement\":[{\"@type\":\"ListItem\",\"position\":1,\"name\":\"Home\",\"item\":\"https:\/\/www.capoforte.it\/de\/home\/\"},{\"@type\":\"ListItem\",\"position\":2,\"name\":\"Wo der Wein auf die Seele trifft, erwarten wir Sie auf der Vinitaly 2025\"}]},{\"@type\":\"WebSite\",\"@id\":\"https:\/\/www.capoforte.it\/#website\",\"url\":\"https:\/\/www.capoforte.it\/\",\"name\":\"capoforte.it\",\"description\":\"Vini del Salento. The Taste of Passion.\",\"publisher\":{\"@id\":\"https:\/\/www.capoforte.it\/#organization\"},\"potentialAction\":[{\"@type\":\"SearchAction\",\"target\":{\"@type\":\"EntryPoint\",\"urlTemplate\":\"https:\/\/www.capoforte.it\/?s={search_term_string}\"},\"query-input\":{\"@type\":\"PropertyValueSpecification\",\"valueRequired\":true,\"valueName\":\"search_term_string\"}}],\"inLanguage\":\"de\"},{\"@type\":\"Organization\",\"@id\":\"https:\/\/www.capoforte.it\/#organization\",\"name\":\"Massera Capoforte\",\"url\":\"https:\/\/www.capoforte.it\/\",\"logo\":{\"@type\":\"ImageObject\",\"inLanguage\":\"de\",\"@id\":\"https:\/\/www.capoforte.it\/#\/schema\/logo\/image\/\",\"url\":\"https:\/\/www.capoforte.it\/wp-content\/uploads\/2024\/07\/Masseria-Capoforte-Logo-Colore-Oro-v.svg\",\"contentUrl\":\"https:\/\/www.capoforte.it\/wp-content\/uploads\/2024\/07\/Masseria-Capoforte-Logo-Colore-Oro-v.svg\",\"width\":371,\"height\":186,\"caption\":\"Massera Capoforte\"},\"image\":{\"@id\":\"https:\/\/www.capoforte.it\/#\/schema\/logo\/image\/\"},\"sameAs\":[\"https:\/\/www.facebook.com\/Capoforte\",\"https:\/\/www.instagram.com\/masseria_capoforte\/\"]},{\"@type\":\"Person\",\"@id\":\"https:\/\/www.capoforte.it\/#\/schema\/person\/22b88ab6281d6e95faf6ea2ca08565f6\",\"name\":\"admin\",\"image\":{\"@type\":\"ImageObject\",\"inLanguage\":\"de\",\"@id\":\"https:\/\/www.capoforte.it\/wp-content\/litespeed\/avatar\/d48105e290dcb65276db0d55393ecabe.jpg?ver=1777531622\",\"url\":\"https:\/\/www.capoforte.it\/wp-content\/litespeed\/avatar\/d48105e290dcb65276db0d55393ecabe.jpg?ver=1777531622\",\"contentUrl\":\"https:\/\/www.capoforte.it\/wp-content\/litespeed\/avatar\/d48105e290dcb65276db0d55393ecabe.jpg?ver=1777531622\",\"caption\":\"admin\"},\"sameAs\":[\"https:\/\/www.capoforte.it\"],\"url\":\"https:\/\/www.capoforte.it\/de\/author\/webmaster_dnxqcc2o\/\"}]}<\/script>\n<!-- \/ Yoast SEO plugin. -->","yoast_head_json":{"title":"Wo der Wein auf die Seele trifft, erwarten wir Sie auf der Vinitaly 2025 - capoforte.it","robots":{"index":"index","follow":"follow","max-snippet":"max-snippet:-1","max-image-preview":"max-image-preview:large","max-video-preview":"max-video-preview:-1"},"canonical":"https:\/\/www.capoforte.it\/dove-il-vino-incontra-lanima-vi-aspettiamo-al-vinitaly-2025\/","og_locale":"de_DE","og_type":"article","og_title":"Wo der Wein auf die Seele trifft, erwarten wir Sie auf der Vinitaly 2025 - capoforte.it","og_description":"Wir sind der Herzschlag eines gro\u00dfz\u00fcgigen Landes, wir sind eine Meerespeitsche zwischen den Reihen, wir sind die Bewegung grober Arbeitsh\u00e4nde, wir sind die Weine, die unter der Sonne des Salento, in der Masseria Capoforte, entstehen. Dieses Jahr begr\u00fc\u00dfen wir Sie vom 6. bis zum 9. April in der Halle 5, Stand F6 der Messe Vinitaly [&hellip;]","og_url":"https:\/\/www.capoforte.it\/dove-il-vino-incontra-lanima-vi-aspettiamo-al-vinitaly-2025\/","og_site_name":"capoforte.it","article_publisher":"https:\/\/www.facebook.com\/Capoforte","article_published_time":"2025-03-28T15:26:00+00:00","og_image":[{"width":1080,"height":720,"url":"https:\/\/www.capoforte.it\/wp-content\/uploads\/2025\/03\/Masseria-Capoforte-Vinitaly-2025-1080x720-1.avif","type":"image\/jpeg"}],"author":"admin","twitter_card":"summary_large_image","twitter_misc":{"Verfasst von":"admin","Gesch\u00e4tzte Lesezeit":"1\u00a0Minute"},"schema":{"@context":"https:\/\/schema.org","@graph":[{"@type":"Article","@id":"https:\/\/www.capoforte.it\/dove-il-vino-incontra-lanima-vi-aspettiamo-al-vinitaly-2025\/#article","isPartOf":{"@id":"https:\/\/www.capoforte.it\/dove-il-vino-incontra-lanima-vi-aspettiamo-al-vinitaly-2025\/"},"author":{"name":"admin","@id":"https:\/\/www.capoforte.it\/#\/schema\/person\/22b88ab6281d6e95faf6ea2ca08565f6"},"headline":"Wo der Wein auf die Seele trifft, erwarten wir Sie auf der Vinitaly 2025","datePublished":"2025-03-28T15:26:00+00:00","mainEntityOfPage":{"@id":"https:\/\/www.capoforte.it\/dove-il-vino-incontra-lanima-vi-aspettiamo-al-vinitaly-2025\/"},"wordCount":155,"commentCount":0,"publisher":{"@id":"https:\/\/www.capoforte.it\/#organization"},"image":{"@id":"https:\/\/www.capoforte.it\/dove-il-vino-incontra-lanima-vi-aspettiamo-al-vinitaly-2025\/#primaryimage"},"thumbnailUrl":"https:\/\/www.capoforte.it\/wp-content\/uploads\/2025\/03\/Masseria-Capoforte-Vinitaly-2025-1080x720-1.avif","keywords":["Vinitaly"],"articleSection":["Verona","Vinitaly","Wein"],"inLanguage":"de","potentialAction":[{"@type":"CommentAction","name":"Comment","target":["https:\/\/www.capoforte.it\/dove-il-vino-incontra-lanima-vi-aspettiamo-al-vinitaly-2025\/#respond"]}]},{"@type":"WebPage","@id":"https:\/\/www.capoforte.it\/dove-il-vino-incontra-lanima-vi-aspettiamo-al-vinitaly-2025\/","url":"https:\/\/www.capoforte.it\/dove-il-vino-incontra-lanima-vi-aspettiamo-al-vinitaly-2025\/","name":"Wo der Wein auf die Seele trifft, erwarten wir Sie auf der Vinitaly 2025 - capoforte.it","isPartOf":{"@id":"https:\/\/www.capoforte.it\/#website"},"primaryImageOfPage":{"@id":"https:\/\/www.capoforte.it\/dove-il-vino-incontra-lanima-vi-aspettiamo-al-vinitaly-2025\/#primaryimage"},"image":{"@id":"https:\/\/www.capoforte.it\/dove-il-vino-incontra-lanima-vi-aspettiamo-al-vinitaly-2025\/#primaryimage"},"thumbnailUrl":"https:\/\/www.capoforte.it\/wp-content\/uploads\/2025\/03\/Masseria-Capoforte-Vinitaly-2025-1080x720-1.avif","datePublished":"2025-03-28T15:26:00+00:00","breadcrumb":{"@id":"https:\/\/www.capoforte.it\/dove-il-vino-incontra-lanima-vi-aspettiamo-al-vinitaly-2025\/#breadcrumb"},"inLanguage":"de","potentialAction":[{"@type":"ReadAction","target":["https:\/\/www.capoforte.it\/dove-il-vino-incontra-lanima-vi-aspettiamo-al-vinitaly-2025\/"]}]},{"@type":"ImageObject","inLanguage":"de","@id":"https:\/\/www.capoforte.it\/dove-il-vino-incontra-lanima-vi-aspettiamo-al-vinitaly-2025\/#primaryimage","url":"https:\/\/www.capoforte.it\/wp-content\/uploads\/2025\/03\/Masseria-Capoforte-Vinitaly-2025-1080x720-1.avif","contentUrl":"https:\/\/www.capoforte.it\/wp-content\/uploads\/2025\/03\/Masseria-Capoforte-Vinitaly-2025-1080x720-1.avif","width":1080,"height":720,"caption":"Masseria Capoforte Vinitaly 2025 - 1080x720"},{"@type":"BreadcrumbList","@id":"https:\/\/www.capoforte.it\/dove-il-vino-incontra-lanima-vi-aspettiamo-al-vinitaly-2025\/#breadcrumb","itemListElement":[{"@type":"ListItem","position":1,"name":"Home","item":"https:\/\/www.capoforte.it\/de\/home\/"},{"@type":"ListItem","position":2,"name":"Wo der Wein auf die Seele trifft, erwarten wir Sie auf der Vinitaly 2025"}]},{"@type":"WebSite","@id":"https:\/\/www.capoforte.it\/#website","url":"https:\/\/www.capoforte.it\/","name":"capoforte.it","description":"Vini del Salento. The Taste of Passion.","publisher":{"@id":"https:\/\/www.capoforte.it\/#organization"},"potentialAction":[{"@type":"SearchAction","target":{"@type":"EntryPoint","urlTemplate":"https:\/\/www.capoforte.it\/?s={search_term_string}"},"query-input":{"@type":"PropertyValueSpecification","valueRequired":true,"valueName":"search_term_string"}}],"inLanguage":"de"},{"@type":"Organization","@id":"https:\/\/www.capoforte.it\/#organization","name":"Massera Capoforte","url":"https:\/\/www.capoforte.it\/","logo":{"@type":"ImageObject","inLanguage":"de","@id":"https:\/\/www.capoforte.it\/#\/schema\/logo\/image\/","url":"https:\/\/www.capoforte.it\/wp-content\/uploads\/2024\/07\/Masseria-Capoforte-Logo-Colore-Oro-v.svg","contentUrl":"https:\/\/www.capoforte.it\/wp-content\/uploads\/2024\/07\/Masseria-Capoforte-Logo-Colore-Oro-v.svg","width":371,"height":186,"caption":"Massera Capoforte"},"image":{"@id":"https:\/\/www.capoforte.it\/#\/schema\/logo\/image\/"},"sameAs":["https:\/\/www.facebook.com\/Capoforte","https:\/\/www.instagram.com\/masseria_capoforte\/"]},{"@type":"Person","@id":"https:\/\/www.capoforte.it\/#\/schema\/person\/22b88ab6281d6e95faf6ea2ca08565f6","name":"admin","image":{"@type":"ImageObject","inLanguage":"de","@id":"https:\/\/www.capoforte.it\/wp-content\/litespeed\/avatar\/d48105e290dcb65276db0d55393ecabe.jpg?ver=1777531622","url":"https:\/\/www.capoforte.it\/wp-content\/litespeed\/avatar\/d48105e290dcb65276db0d55393ecabe.jpg?ver=1777531622","contentUrl":"https:\/\/www.capoforte.it\/wp-content\/litespeed\/avatar\/d48105e290dcb65276db0d55393ecabe.jpg?ver=1777531622","caption":"admin"},"sameAs":["https:\/\/www.capoforte.it"],"url":"https:\/\/www.capoforte.it\/de\/author\/webmaster_dnxqcc2o\/"}]}},"_links":{"self":[{"href":"https:\/\/www.capoforte.it\/de\/wp-json\/wp\/v2\/posts\/2072","targetHints":{"allow":["GET"]}}],"collection":[{"href":"https:\/\/www.capoforte.it\/de\/wp-json\/wp\/v2\/posts"}],"about":[{"href":"https:\/\/www.capoforte.it\/de\/wp-json\/wp\/v2\/types\/post"}],"author":[{"embeddable":true,"href":"https:\/\/www.capoforte.it\/de\/wp-json\/wp\/v2\/users\/1"}],"replies":[{"embeddable":true,"href":"https:\/\/www.capoforte.it\/de\/wp-json\/wp\/v2\/comments?post=2072"}],"version-history":[{"count":0,"href":"https:\/\/www.capoforte.it\/de\/wp-json\/wp\/v2\/posts\/2072\/revisions"}],"wp:featuredmedia":[{"embeddable":true,"href":"https:\/\/www.capoforte.it\/de\/wp-json\/wp\/v2\/media\/2061"}],"wp:attachment":[{"href":"https:\/\/www.capoforte.it\/de\/wp-json\/wp\/v2\/media?parent=2072"}],"wp:term":[{"taxonomy":"category","embeddable":true,"href":"https:\/\/www.capoforte.it\/de\/wp-json\/wp\/v2\/categories?post=2072"},{"taxonomy":"post_tag","embeddable":true,"href":"https:\/\/www.capoforte.it\/de\/wp-json\/wp\/v2\/tags?post=2072"}],"curies":[{"name":"wp","href":"https:\/\/api.w.org\/{rel}","templated":true}]}}