{"id":2804,"date":"2025-10-18T10:46:51","date_gmt":"2025-10-18T08:46:51","guid":{"rendered":"https:\/\/www.capoforte.it\/?p=2804"},"modified":"2025-10-23T10:22:05","modified_gmt":"2025-10-23T08:22:05","slug":"pasolini-pop-wenn-die-kultur-auf-die-region-trifft","status":"publish","type":"post","link":"https:\/\/www.capoforte.it\/de\/pasolini-pop-wenn-die-kultur-auf-die-region-trifft\/","title":{"rendered":"Pasolini Pop: wenn die Kultur auf die Region trifft"},"content":{"rendered":"<h2>Am 31. Oktober kleidet sich Lecce mit &#8222;Pasolini Pop&#8220; im Gewand der Literatur und der Besinnung, ein Ereignis, dessen Protagonist der Essayist und Fernsehautor Ferdinando Sallustio ist. Dieser erforscht die umstrittene und geistreiche Figur Pier Paolo Pasolini aus zeitgen\u00f6ssischer Sicht.<br \/>Ein Termin, der tief mit der Philosophie der Masseria Capoforte verbunden ist: genau wie unsere Weine, die aus der Begegnung von jahrhundertealter Tradition und modernem Blickwinkel entstehen, spricht Pasolinis Werk auch heute noch zur Gegenwart, hinterfragt, provoziert. Seine F\u00e4higkeit, Italien zu interpretieren, findet Entsprechung in einem Salento, das wir in jeder Flasche bewahren und erz\u00e4hlen. Wir laden Sie ein, in diesen kulturellen Abend im barocken Herzen von Lecce einzutauchen, wo sich Kunst und Sch\u00f6nheit mit der gleichen Sensibilit\u00e4t verflechten, die unsere Weine beseelt.<\/h2>\n","protected":false},"excerpt":{"rendered":"<p>Am 31. Oktober kleidet sich Lecce mit &#8222;Pasolini Pop&#8220; im Gewand der Literatur und der Besinnung, ein Ereignis, dessen Protagonist der Essayist und Fernsehautor Ferdinando Sallustio ist. Dieser erforscht die umstrittene und geistreiche Figur Pier Paolo Pasolini aus zeitgen\u00f6ssischer Sicht.Ein Termin, der tief mit der Philosophie der Masseria Capoforte verbunden ist: genau wie unsere Weine, [&hellip;]<\/p>\n","protected":false},"author":1,"featured_media":2791,"comment_status":"open","ping_status":"closed","sticky":false,"template":"","format":"standard","meta":{"_et_pb_use_builder":"","_et_pb_old_content":"","_et_gb_content_width":"","footnotes":""},"categories":[79,109,46,45,108],"tags":[110],"class_list":["post-2804","post","type-post","status-publish","format-standard","has-post-thumbnail","hentry","category-kultur","category-pasolini-de","category-puglia-de","category-salento-de","category-veranstaltungen","tag-pasolini-de"],"yoast_head":"<!-- This site is optimized with the Yoast SEO plugin v27.2 - https:\/\/yoast.com\/product\/yoast-seo-wordpress\/ -->\n<title>Pasolini Pop in Lecce: Kultur, Region und zeitgen\u00f6ssische Vision<\/title>\n<meta name=\"description\" content=\"Am 31. Oktober findet in Lecce \u201ePasolini Pop\u201c statt: eine Reise durch Kunst, Region und Vision, im Einklang mit der Philosophie von Masseria Capoforte.\" \/>\n<meta name=\"robots\" content=\"index, follow, max-snippet:-1, max-image-preview:large, max-video-preview:-1\" \/>\n<link rel=\"canonical\" href=\"https:\/\/www.capoforte.it\/pasolini-pop-quando-la-cultura-incontra-il-territorio\/\" \/>\n<meta property=\"og:locale\" content=\"de_DE\" \/>\n<meta property=\"og:type\" content=\"article\" \/>\n<meta property=\"og:title\" content=\"Pasolini Pop in Lecce: Kultur, Region und zeitgen\u00f6ssische Vision\" \/>\n<meta property=\"og:description\" content=\"Am 31. Oktober findet in Lecce \u201ePasolini Pop\u201c statt: eine Reise durch Kunst, Region und Vision, im Einklang mit der Philosophie von Masseria Capoforte.\" \/>\n<meta property=\"og:url\" content=\"https:\/\/www.capoforte.it\/pasolini-pop-quando-la-cultura-incontra-il-territorio\/\" \/>\n<meta property=\"og:site_name\" content=\"capoforte.it\" \/>\n<meta property=\"article:publisher\" content=\"https:\/\/www.facebook.com\/Capoforte\" \/>\n<meta property=\"article:published_time\" content=\"2025-10-18T08:46:51+00:00\" \/>\n<meta property=\"article:modified_time\" content=\"2025-10-23T08:22:05+00:00\" \/>\n<meta property=\"og:image\" content=\"https:\/\/www.capoforte.it\/wp-content\/uploads\/2025\/10\/Masseria-Capoforte-evento-Pasolini-Pop-Lecce-1080x720-1.avif\" \/>\n\t<meta property=\"og:image:width\" content=\"1080\" \/>\n\t<meta property=\"og:image:height\" content=\"720\" \/>\n\t<meta property=\"og:image:type\" content=\"image\/jpeg\" \/>\n<meta name=\"author\" content=\"admin\" \/>\n<meta name=\"twitter:card\" content=\"summary_large_image\" \/>\n<meta name=\"twitter:label1\" content=\"Verfasst von\" \/>\n\t<meta name=\"twitter:data1\" content=\"admin\" \/>\n\t<meta name=\"twitter:label2\" content=\"Gesch\u00e4tzte Lesezeit\" \/>\n\t<meta name=\"twitter:data2\" content=\"1\u00a0Minute\" \/>\n<script type=\"application\/ld+json\" class=\"yoast-schema-graph\">{\"@context\":\"https:\/\/schema.org\",\"@graph\":[{\"@type\":\"Article\",\"@id\":\"https:\/\/www.capoforte.it\/pasolini-pop-quando-la-cultura-incontra-il-territorio\/#article\",\"isPartOf\":{\"@id\":\"https:\/\/www.capoforte.it\/pasolini-pop-quando-la-cultura-incontra-il-territorio\/\"},\"author\":{\"name\":\"admin\",\"@id\":\"https:\/\/www.capoforte.it\/#\/schema\/person\/22b88ab6281d6e95faf6ea2ca08565f6\"},\"headline\":\"Pasolini Pop: wenn die Kultur auf die Region trifft\",\"datePublished\":\"2025-10-18T08:46:51+00:00\",\"dateModified\":\"2025-10-23T08:22:05+00:00\",\"mainEntityOfPage\":{\"@id\":\"https:\/\/www.capoforte.it\/pasolini-pop-quando-la-cultura-incontra-il-territorio\/\"},\"wordCount\":136,\"commentCount\":0,\"publisher\":{\"@id\":\"https:\/\/www.capoforte.it\/#organization\"},\"image\":{\"@id\":\"https:\/\/www.capoforte.it\/pasolini-pop-quando-la-cultura-incontra-il-territorio\/#primaryimage\"},\"thumbnailUrl\":\"https:\/\/www.capoforte.it\/wp-content\/uploads\/2025\/10\/Masseria-Capoforte-evento-Pasolini-Pop-Lecce-1080x720-1.avif\",\"keywords\":[\"Pasolini\"],\"articleSection\":[\"Kultur\",\"Pasolini\",\"Puglia\",\"Salento\",\"Veranstaltungen\"],\"inLanguage\":\"de\",\"potentialAction\":[{\"@type\":\"CommentAction\",\"name\":\"Comment\",\"target\":[\"https:\/\/www.capoforte.it\/pasolini-pop-quando-la-cultura-incontra-il-territorio\/#respond\"]}]},{\"@type\":\"WebPage\",\"@id\":\"https:\/\/www.capoforte.it\/pasolini-pop-quando-la-cultura-incontra-il-territorio\/\",\"url\":\"https:\/\/www.capoforte.it\/pasolini-pop-quando-la-cultura-incontra-il-territorio\/\",\"name\":\"Pasolini Pop in Lecce: Kultur, Region und zeitgen\u00f6ssische Vision\",\"isPartOf\":{\"@id\":\"https:\/\/www.capoforte.it\/#website\"},\"primaryImageOfPage\":{\"@id\":\"https:\/\/www.capoforte.it\/pasolini-pop-quando-la-cultura-incontra-il-territorio\/#primaryimage\"},\"image\":{\"@id\":\"https:\/\/www.capoforte.it\/pasolini-pop-quando-la-cultura-incontra-il-territorio\/#primaryimage\"},\"thumbnailUrl\":\"https:\/\/www.capoforte.it\/wp-content\/uploads\/2025\/10\/Masseria-Capoforte-evento-Pasolini-Pop-Lecce-1080x720-1.avif\",\"datePublished\":\"2025-10-18T08:46:51+00:00\",\"dateModified\":\"2025-10-23T08:22:05+00:00\",\"description\":\"Am 31. Oktober findet in Lecce \u201ePasolini Pop\u201c statt: eine Reise durch Kunst, Region und Vision, im Einklang mit der Philosophie von Masseria Capoforte.\",\"breadcrumb\":{\"@id\":\"https:\/\/www.capoforte.it\/pasolini-pop-quando-la-cultura-incontra-il-territorio\/#breadcrumb\"},\"inLanguage\":\"de\",\"potentialAction\":[{\"@type\":\"ReadAction\",\"target\":[\"https:\/\/www.capoforte.it\/pasolini-pop-quando-la-cultura-incontra-il-territorio\/\"]}]},{\"@type\":\"ImageObject\",\"inLanguage\":\"de\",\"@id\":\"https:\/\/www.capoforte.it\/pasolini-pop-quando-la-cultura-incontra-il-territorio\/#primaryimage\",\"url\":\"https:\/\/www.capoforte.it\/wp-content\/uploads\/2025\/10\/Masseria-Capoforte-evento-Pasolini-Pop-Lecce-1080x720-1.avif\",\"contentUrl\":\"https:\/\/www.capoforte.it\/wp-content\/uploads\/2025\/10\/Masseria-Capoforte-evento-Pasolini-Pop-Lecce-1080x720-1.avif\",\"width\":1080,\"height\":720,\"caption\":\"Masseria Capoforte evento Pasolini Pop Lecce 1080x720\"},{\"@type\":\"BreadcrumbList\",\"@id\":\"https:\/\/www.capoforte.it\/pasolini-pop-quando-la-cultura-incontra-il-territorio\/#breadcrumb\",\"itemListElement\":[{\"@type\":\"ListItem\",\"position\":1,\"name\":\"Home\",\"item\":\"https:\/\/www.capoforte.it\/de\/home\/\"},{\"@type\":\"ListItem\",\"position\":2,\"name\":\"Pasolini Pop: wenn die Kultur auf die Region trifft\"}]},{\"@type\":\"WebSite\",\"@id\":\"https:\/\/www.capoforte.it\/#website\",\"url\":\"https:\/\/www.capoforte.it\/\",\"name\":\"capoforte.it\",\"description\":\"Vini del Salento. The Taste of Passion.\",\"publisher\":{\"@id\":\"https:\/\/www.capoforte.it\/#organization\"},\"potentialAction\":[{\"@type\":\"SearchAction\",\"target\":{\"@type\":\"EntryPoint\",\"urlTemplate\":\"https:\/\/www.capoforte.it\/?s={search_term_string}\"},\"query-input\":{\"@type\":\"PropertyValueSpecification\",\"valueRequired\":true,\"valueName\":\"search_term_string\"}}],\"inLanguage\":\"de\"},{\"@type\":\"Organization\",\"@id\":\"https:\/\/www.capoforte.it\/#organization\",\"name\":\"Massera Capoforte\",\"url\":\"https:\/\/www.capoforte.it\/\",\"logo\":{\"@type\":\"ImageObject\",\"inLanguage\":\"de\",\"@id\":\"https:\/\/www.capoforte.it\/#\/schema\/logo\/image\/\",\"url\":\"https:\/\/www.capoforte.it\/wp-content\/uploads\/2024\/07\/Masseria-Capoforte-Logo-Colore-Oro-v.svg\",\"contentUrl\":\"https:\/\/www.capoforte.it\/wp-content\/uploads\/2024\/07\/Masseria-Capoforte-Logo-Colore-Oro-v.svg\",\"width\":371,\"height\":186,\"caption\":\"Massera Capoforte\"},\"image\":{\"@id\":\"https:\/\/www.capoforte.it\/#\/schema\/logo\/image\/\"},\"sameAs\":[\"https:\/\/www.facebook.com\/Capoforte\",\"https:\/\/www.instagram.com\/masseria_capoforte\/\"]},{\"@type\":\"Person\",\"@id\":\"https:\/\/www.capoforte.it\/#\/schema\/person\/22b88ab6281d6e95faf6ea2ca08565f6\",\"name\":\"admin\",\"image\":{\"@type\":\"ImageObject\",\"inLanguage\":\"de\",\"@id\":\"https:\/\/www.capoforte.it\/wp-content\/litespeed\/avatar\/d48105e290dcb65276db0d55393ecabe.jpg?ver=1776925028\",\"url\":\"https:\/\/www.capoforte.it\/wp-content\/litespeed\/avatar\/d48105e290dcb65276db0d55393ecabe.jpg?ver=1776925028\",\"contentUrl\":\"https:\/\/www.capoforte.it\/wp-content\/litespeed\/avatar\/d48105e290dcb65276db0d55393ecabe.jpg?ver=1776925028\",\"caption\":\"admin\"},\"sameAs\":[\"https:\/\/www.capoforte.it\"],\"url\":\"https:\/\/www.capoforte.it\/de\/author\/webmaster_dnxqcc2o\/\"}]}<\/script>\n<!-- \/ Yoast SEO plugin. -->","yoast_head_json":{"title":"Pasolini Pop in Lecce: Kultur, Region und zeitgen\u00f6ssische Vision","description":"Am 31. Oktober findet in Lecce \u201ePasolini Pop\u201c statt: eine Reise durch Kunst, Region und Vision, im Einklang mit der Philosophie von Masseria Capoforte.","robots":{"index":"index","follow":"follow","max-snippet":"max-snippet:-1","max-image-preview":"max-image-preview:large","max-video-preview":"max-video-preview:-1"},"canonical":"https:\/\/www.capoforte.it\/pasolini-pop-quando-la-cultura-incontra-il-territorio\/","og_locale":"de_DE","og_type":"article","og_title":"Pasolini Pop in Lecce: Kultur, Region und zeitgen\u00f6ssische Vision","og_description":"Am 31. Oktober findet in Lecce \u201ePasolini Pop\u201c statt: eine Reise durch Kunst, Region und Vision, im Einklang mit der Philosophie von Masseria Capoforte.","og_url":"https:\/\/www.capoforte.it\/pasolini-pop-quando-la-cultura-incontra-il-territorio\/","og_site_name":"capoforte.it","article_publisher":"https:\/\/www.facebook.com\/Capoforte","article_published_time":"2025-10-18T08:46:51+00:00","article_modified_time":"2025-10-23T08:22:05+00:00","og_image":[{"width":1080,"height":720,"url":"https:\/\/www.capoforte.it\/wp-content\/uploads\/2025\/10\/Masseria-Capoforte-evento-Pasolini-Pop-Lecce-1080x720-1.avif","type":"image\/jpeg"}],"author":"admin","twitter_card":"summary_large_image","twitter_misc":{"Verfasst von":"admin","Gesch\u00e4tzte Lesezeit":"1\u00a0Minute"},"schema":{"@context":"https:\/\/schema.org","@graph":[{"@type":"Article","@id":"https:\/\/www.capoforte.it\/pasolini-pop-quando-la-cultura-incontra-il-territorio\/#article","isPartOf":{"@id":"https:\/\/www.capoforte.it\/pasolini-pop-quando-la-cultura-incontra-il-territorio\/"},"author":{"name":"admin","@id":"https:\/\/www.capoforte.it\/#\/schema\/person\/22b88ab6281d6e95faf6ea2ca08565f6"},"headline":"Pasolini Pop: wenn die Kultur auf die Region trifft","datePublished":"2025-10-18T08:46:51+00:00","dateModified":"2025-10-23T08:22:05+00:00","mainEntityOfPage":{"@id":"https:\/\/www.capoforte.it\/pasolini-pop-quando-la-cultura-incontra-il-territorio\/"},"wordCount":136,"commentCount":0,"publisher":{"@id":"https:\/\/www.capoforte.it\/#organization"},"image":{"@id":"https:\/\/www.capoforte.it\/pasolini-pop-quando-la-cultura-incontra-il-territorio\/#primaryimage"},"thumbnailUrl":"https:\/\/www.capoforte.it\/wp-content\/uploads\/2025\/10\/Masseria-Capoforte-evento-Pasolini-Pop-Lecce-1080x720-1.avif","keywords":["Pasolini"],"articleSection":["Kultur","Pasolini","Puglia","Salento","Veranstaltungen"],"inLanguage":"de","potentialAction":[{"@type":"CommentAction","name":"Comment","target":["https:\/\/www.capoforte.it\/pasolini-pop-quando-la-cultura-incontra-il-territorio\/#respond"]}]},{"@type":"WebPage","@id":"https:\/\/www.capoforte.it\/pasolini-pop-quando-la-cultura-incontra-il-territorio\/","url":"https:\/\/www.capoforte.it\/pasolini-pop-quando-la-cultura-incontra-il-territorio\/","name":"Pasolini Pop in Lecce: Kultur, Region und zeitgen\u00f6ssische Vision","isPartOf":{"@id":"https:\/\/www.capoforte.it\/#website"},"primaryImageOfPage":{"@id":"https:\/\/www.capoforte.it\/pasolini-pop-quando-la-cultura-incontra-il-territorio\/#primaryimage"},"image":{"@id":"https:\/\/www.capoforte.it\/pasolini-pop-quando-la-cultura-incontra-il-territorio\/#primaryimage"},"thumbnailUrl":"https:\/\/www.capoforte.it\/wp-content\/uploads\/2025\/10\/Masseria-Capoforte-evento-Pasolini-Pop-Lecce-1080x720-1.avif","datePublished":"2025-10-18T08:46:51+00:00","dateModified":"2025-10-23T08:22:05+00:00","description":"Am 31. Oktober findet in Lecce \u201ePasolini Pop\u201c statt: eine Reise durch Kunst, Region und Vision, im Einklang mit der Philosophie von Masseria Capoforte.","breadcrumb":{"@id":"https:\/\/www.capoforte.it\/pasolini-pop-quando-la-cultura-incontra-il-territorio\/#breadcrumb"},"inLanguage":"de","potentialAction":[{"@type":"ReadAction","target":["https:\/\/www.capoforte.it\/pasolini-pop-quando-la-cultura-incontra-il-territorio\/"]}]},{"@type":"ImageObject","inLanguage":"de","@id":"https:\/\/www.capoforte.it\/pasolini-pop-quando-la-cultura-incontra-il-territorio\/#primaryimage","url":"https:\/\/www.capoforte.it\/wp-content\/uploads\/2025\/10\/Masseria-Capoforte-evento-Pasolini-Pop-Lecce-1080x720-1.avif","contentUrl":"https:\/\/www.capoforte.it\/wp-content\/uploads\/2025\/10\/Masseria-Capoforte-evento-Pasolini-Pop-Lecce-1080x720-1.avif","width":1080,"height":720,"caption":"Masseria Capoforte evento Pasolini Pop Lecce 1080x720"},{"@type":"BreadcrumbList","@id":"https:\/\/www.capoforte.it\/pasolini-pop-quando-la-cultura-incontra-il-territorio\/#breadcrumb","itemListElement":[{"@type":"ListItem","position":1,"name":"Home","item":"https:\/\/www.capoforte.it\/de\/home\/"},{"@type":"ListItem","position":2,"name":"Pasolini Pop: wenn die Kultur auf die Region trifft"}]},{"@type":"WebSite","@id":"https:\/\/www.capoforte.it\/#website","url":"https:\/\/www.capoforte.it\/","name":"capoforte.it","description":"Vini del Salento. The Taste of Passion.","publisher":{"@id":"https:\/\/www.capoforte.it\/#organization"},"potentialAction":[{"@type":"SearchAction","target":{"@type":"EntryPoint","urlTemplate":"https:\/\/www.capoforte.it\/?s={search_term_string}"},"query-input":{"@type":"PropertyValueSpecification","valueRequired":true,"valueName":"search_term_string"}}],"inLanguage":"de"},{"@type":"Organization","@id":"https:\/\/www.capoforte.it\/#organization","name":"Massera Capoforte","url":"https:\/\/www.capoforte.it\/","logo":{"@type":"ImageObject","inLanguage":"de","@id":"https:\/\/www.capoforte.it\/#\/schema\/logo\/image\/","url":"https:\/\/www.capoforte.it\/wp-content\/uploads\/2024\/07\/Masseria-Capoforte-Logo-Colore-Oro-v.svg","contentUrl":"https:\/\/www.capoforte.it\/wp-content\/uploads\/2024\/07\/Masseria-Capoforte-Logo-Colore-Oro-v.svg","width":371,"height":186,"caption":"Massera Capoforte"},"image":{"@id":"https:\/\/www.capoforte.it\/#\/schema\/logo\/image\/"},"sameAs":["https:\/\/www.facebook.com\/Capoforte","https:\/\/www.instagram.com\/masseria_capoforte\/"]},{"@type":"Person","@id":"https:\/\/www.capoforte.it\/#\/schema\/person\/22b88ab6281d6e95faf6ea2ca08565f6","name":"admin","image":{"@type":"ImageObject","inLanguage":"de","@id":"https:\/\/www.capoforte.it\/wp-content\/litespeed\/avatar\/d48105e290dcb65276db0d55393ecabe.jpg?ver=1776925028","url":"https:\/\/www.capoforte.it\/wp-content\/litespeed\/avatar\/d48105e290dcb65276db0d55393ecabe.jpg?ver=1776925028","contentUrl":"https:\/\/www.capoforte.it\/wp-content\/litespeed\/avatar\/d48105e290dcb65276db0d55393ecabe.jpg?ver=1776925028","caption":"admin"},"sameAs":["https:\/\/www.capoforte.it"],"url":"https:\/\/www.capoforte.it\/de\/author\/webmaster_dnxqcc2o\/"}]}},"_links":{"self":[{"href":"https:\/\/www.capoforte.it\/de\/wp-json\/wp\/v2\/posts\/2804","targetHints":{"allow":["GET"]}}],"collection":[{"href":"https:\/\/www.capoforte.it\/de\/wp-json\/wp\/v2\/posts"}],"about":[{"href":"https:\/\/www.capoforte.it\/de\/wp-json\/wp\/v2\/types\/post"}],"author":[{"embeddable":true,"href":"https:\/\/www.capoforte.it\/de\/wp-json\/wp\/v2\/users\/1"}],"replies":[{"embeddable":true,"href":"https:\/\/www.capoforte.it\/de\/wp-json\/wp\/v2\/comments?post=2804"}],"version-history":[{"count":1,"href":"https:\/\/www.capoforte.it\/de\/wp-json\/wp\/v2\/posts\/2804\/revisions"}],"predecessor-version":[{"id":2807,"href":"https:\/\/www.capoforte.it\/de\/wp-json\/wp\/v2\/posts\/2804\/revisions\/2807"}],"wp:featuredmedia":[{"embeddable":true,"href":"https:\/\/www.capoforte.it\/de\/wp-json\/wp\/v2\/media\/2791"}],"wp:attachment":[{"href":"https:\/\/www.capoforte.it\/de\/wp-json\/wp\/v2\/media?parent=2804"}],"wp:term":[{"taxonomy":"category","embeddable":true,"href":"https:\/\/www.capoforte.it\/de\/wp-json\/wp\/v2\/categories?post=2804"},{"taxonomy":"post_tag","embeddable":true,"href":"https:\/\/www.capoforte.it\/de\/wp-json\/wp\/v2\/tags?post=2804"}],"curies":[{"name":"wp","href":"https:\/\/api.w.org\/{rel}","templated":true}]}}